{"id":1629,"date":"2024-07-01T14:08:52","date_gmt":"2024-07-01T14:08:52","guid":{"rendered":"https:\/\/sun21.at\/wp\/?p=1629"},"modified":"2024-07-02T09:25:32","modified_gmt":"2024-07-02T09:25:32","slug":"optimal-ausgerichtet-photovoltaik-nach-sued-oder-ost-west","status":"publish","type":"post","link":"https:\/\/sun21.at\/wp\/optimal-ausgerichtet-photovoltaik-nach-sued-oder-ost-west\/","title":{"rendered":"Optimal ausgerichtet: Photovoltaik-Module nach S\u00fcd oder Ost-West?"},"content":{"rendered":"\n<p>Die <strong>Ausrichtung <\/strong>der <strong>Photovoltaik <\/strong>am Dach ist oft durch die bereits vorhandenen <strong>Dachfl\u00e4chen <\/strong>vorgegeben. Wenn man die Wahl hat, ist es auch eine technische Frage. Entscheiden Sie sich f\u00fcr eine <strong>S\u00fcdausrichtung <\/strong>oder ist eine <strong>Ost-West-Anlage<\/strong> die bessere Wahl? Wir beleuchten die <strong>Vor- und Nachteile<\/strong>.<\/p>\n\n\n\n<!--more-->\n\n\n\n<h2 class=\"wp-block-heading\">S\u00fcdausrichtung: Maximale Sonneneinstrahlung<\/h2>\n\n\n\n<h4 class=\"wp-block-heading\">Vorteile:<\/h4>\n\n\n\n<ol class=\"wp-block-list\">\n<li><strong>H\u00f6here Energieertr\u00e4ge<\/strong>: PV-Module, die nach S\u00fcden ausgerichtet sind, profitieren besonders zur Mittagszeit von der maximalen Sonneneinstrahlung.<\/li>\n\n\n\n<li><strong>Optimal f\u00fcr Einspeisung<\/strong>: F\u00fcr Anlagen, die prim\u00e4r zur <a href=\"https:\/\/sun21.at\/wp\/einspeisen\/\">Einspeisung<\/a> ins \u00f6ffentliche Netz genutzt werden, ist die S\u00fcdausrichtung meist ideal, da die Ertr\u00e4ge h\u00f6her sind.<\/li>\n<\/ol>\n\n\n\n<h4 class=\"wp-block-heading\">Nachteile:<\/h4>\n\n\n\n<ol class=\"wp-block-list\">\n<li><strong>Geringere Ausnutzung des Dachs<\/strong>: Oftmals kann nur eine Dachh\u00e4lfte f\u00fcr die PV-Module genutzt werden, was die installierbare Fl\u00e4che und somit die Gesamtleistung mindert.<\/li>\n\n\n\n<li><strong>Ertragsschwankungen<\/strong>: Durch die starke Konzentration auf die Mittagszeit, ist es schwieriger, die Leistungsspitze auch f\u00fcr den Eigenverbrauch optimal zu nutzen.<\/li>\n<\/ol>\n\n\n\n<div class=\"wp-block-group has-base-3-background-color has-background\"><div class=\"wp-block-group__inner-container is-layout-constrained wp-block-group-is-layout-constrained\">\n<div class=\"wp-block-columns is-layout-flex wp-container-core-columns-is-layout-9d6595d7 wp-block-columns-is-layout-flex\">\n<div class=\"wp-block-column is-layout-flow wp-block-column-is-layout-flow\" style=\"flex-basis:33.33%\">\n<figure class=\"wp-block-image size-full\"><img loading=\"lazy\" decoding=\"async\" width=\"800\" height=\"600\" src=\"https:\/\/sun21.at\/wp\/wp-content\/uploads\/2025\/01\/sun21_waermepumpe_photovoltaik_solarmanager_wien.png\" alt=\"\" class=\"wp-image-1968\" srcset=\"https:\/\/sun21.at\/wp\/wp-content\/uploads\/2025\/01\/sun21_waermepumpe_photovoltaik_solarmanager_wien.png 800w, https:\/\/sun21.at\/wp\/wp-content\/uploads\/2025\/01\/sun21_waermepumpe_photovoltaik_solarmanager_wien-300x225.png 300w, https:\/\/sun21.at\/wp\/wp-content\/uploads\/2025\/01\/sun21_waermepumpe_photovoltaik_solarmanager_wien-150x113.png 150w, https:\/\/sun21.at\/wp\/wp-content\/uploads\/2025\/01\/sun21_waermepumpe_photovoltaik_solarmanager_wien-768x576.png 768w\" sizes=\"auto, (max-width: 800px) 100vw, 800px\" \/><\/figure>\n<\/div>\n\n\n\n<div class=\"wp-block-column is-vertically-aligned-center is-layout-flow wp-block-column-is-layout-flow\" style=\"flex-basis:66.66%\">\n<h2 class=\"wp-block-heading\">Ihr Weg zu mehr Unabh\u00e4ngigkeit!<\/h2>\n\n\n\n<p>Lassen Sie uns Ihre <strong>smarte Energiel\u00f6sung<\/strong> gemeinsam planen: \u2600\ufe0f <strong>Photovoltaik-Anlage<\/strong> und\/oder<strong> Luft-W\u00e4rmepumpe<\/strong>. Bei uns bekommen Sie alles aus einer Hand. Wir beraten Sie <strong>pers\u00f6nlich <\/strong>und <strong>individuell<\/strong>.<\/p>\n\n\n\n<div class=\"wp-block-buttons is-content-justification-center is-layout-flex wp-container-core-buttons-is-layout-16018d1d wp-block-buttons-is-layout-flex\">\n<div class=\"wp-block-button\"><a class=\"wp-block-button__link wp-element-button\" href=\"https:\/\/sun21.at\/wp\/anfrageformular\/\">JETZT UNVERBINDLICH ANFRAGEN<\/a><\/div>\n<\/div>\n<\/div>\n<\/div>\n<\/div><\/div>\n\n\n\n<div style=\"height:14px\" aria-hidden=\"true\" class=\"wp-block-spacer\"><\/div>\n\n\n\n<h2 class=\"wp-block-heading\">Ost-West-Ausrichtung: Gleichm\u00e4\u00dfige Energieverteilung<\/h2>\n\n\n\n<h3 class=\"wp-block-heading\">Vorteile:<\/h3>\n\n\n\n<ol class=\"wp-block-list\">\n<li><strong>Bessere Dachnutzung<\/strong>: Beide Dachh\u00e4lften k\u00f6nnen genutzt werden, was zu einer gr\u00f6\u00dferen installierten Leistung und potenziell h\u00f6heren Gesamtertr\u00e4gen f\u00fchrt.<\/li>\n<\/ol>\n\n\n\n<div class=\"wp-block-columns is-layout-flex wp-container-core-columns-is-layout-9d6595d7 wp-block-columns-is-layout-flex\">\n<div class=\"wp-block-column is-layout-flow wp-block-column-is-layout-flow\">\n<p>2. <strong>Gleichm\u00e4\u00dfige Ertragsverteilung<\/strong>: Eine Ost-West-Ausrichtung erm\u00f6glicht eine gleichm\u00e4\u00dfigere Verteilung der Energieproduktion \u00fcber den Tag hinweg. Morgens wird mehr Energie aus der \u00f6stlichen und abends aus der westlichen Ausrichtung gewonnen.<\/p>\n\n\n\n<p>3. <strong>Effizienter Eigenverbrauch<\/strong>: F\u00fcr Haushalte mit hohem Eigenverbrauch ist diese Ausrichtung vorteilhaft, da die Energieerzeugung besser mit dem typischen Verbrauchsprofil harmoniert.<\/p>\n<\/div>\n\n\n\n<div class=\"wp-block-column is-layout-flow wp-block-column-is-layout-flow\">\n<figure class=\"wp-block-image size-full\"><img loading=\"lazy\" decoding=\"async\" width=\"1080\" height=\"1080\" src=\"https:\/\/sun21.at\/wp\/wp-content\/uploads\/2024\/07\/SUN21_Diagramm_Ertrag_Photovoltaik_Sued_OstWest.png\" alt=\"Vorteile der Photovoltaik Ausrichtung nach Ost-West\" class=\"wp-image-1633\" srcset=\"https:\/\/sun21.at\/wp\/wp-content\/uploads\/2024\/07\/SUN21_Diagramm_Ertrag_Photovoltaik_Sued_OstWest.png 1080w, https:\/\/sun21.at\/wp\/wp-content\/uploads\/2024\/07\/SUN21_Diagramm_Ertrag_Photovoltaik_Sued_OstWest-300x300.png 300w, https:\/\/sun21.at\/wp\/wp-content\/uploads\/2024\/07\/SUN21_Diagramm_Ertrag_Photovoltaik_Sued_OstWest-1024x1024.png 1024w, https:\/\/sun21.at\/wp\/wp-content\/uploads\/2024\/07\/SUN21_Diagramm_Ertrag_Photovoltaik_Sued_OstWest-150x150.png 150w, https:\/\/sun21.at\/wp\/wp-content\/uploads\/2024\/07\/SUN21_Diagramm_Ertrag_Photovoltaik_Sued_OstWest-768x768.png 768w\" sizes=\"auto, (max-width: 1080px) 100vw, 1080px\" \/><\/figure>\n<\/div>\n<\/div>\n\n\n\n<h3 class=\"wp-block-heading\">Nachteile:<\/h3>\n\n\n\n<ol class=\"wp-block-list\">\n<li><strong>Geringerer Spitzenwert<\/strong>: Der Energieertrag zur Mittagszeit ist im Vergleich zur S\u00fcdausrichtung geringer, was zu insgesamt niedrigeren Spitzenwerten f\u00fchrt.<\/li>\n\n\n\n<li><strong>Komplexere Planung<\/strong>: Die Planung und Installation k\u00f6nnen komplexer sein, da mehrere Dachfl\u00e4chen beplant werden und deren Eigenheiten ber\u00fccksichtigt werden m\u00fcssen (Neigung, Eindeckung).<\/li>\n<\/ol>\n\n\n\n<h2 class=\"wp-block-heading\">H\u00e4ufige Fragen zur Ausrichtung von Photovoltaik-Modulen<\/h2>\n\n\n\n<h4 class=\"wp-block-heading\">Welche Ausrichtung ist die beste f\u00fcr mich?<\/h4>\n\n\n\n<p>Die <strong>beste Ausrichtung<\/strong> h\u00e4ngt von verschiedenen Faktoren ab, einschlie\u00dflich Ihres <strong>Lastprofils<\/strong>, der <strong><a href=\"https:\/\/sun21.at\/wp\/in-4-schritten-zu-deiner-pv-anlage\/#dachmontage\">Dachkonstruktion<\/a> <\/strong>und Ihrer <strong>Ziele <\/strong>(z.B. maximaler Ertrag vs. hoher Eigenverbrauch). Das SUN21 Team ber\u00e4t Sie gerne, um auf Ihre <strong>Gegebenheiten <\/strong>vor Ort einzugehen.<\/p>\n\n\n\n<h4 class=\"wp-block-heading\">Kann ich auch bei Ost-West-Ausrichtung eine hohe Einspeiseverg\u00fctung erzielen?<\/h4>\n\n\n\n<p><strong>Ja<\/strong>, auch bei einer Ost-West-Ausrichtung k\u00f6nnen attraktive <strong>Einspeiseverg\u00fctungen <\/strong>erzielt werden, insbesondere wenn die <strong>gesamte Dachfl\u00e4che<\/strong> effizient genutzt wird und die Anlage entsprechend <strong>dimensioniert <\/strong>ist.<\/p>\n\n\n\n<h4 class=\"wp-block-heading\">Wie beeinflusst die Dachneigung die Wahl der Ausrichtung?<\/h4>\n\n\n\n<p>Die <strong>Dachneigung <\/strong>spielt eine entscheidende Rolle bei der Auswahl der optimalen <strong>Ausrichtung<\/strong>. <strong>Flachd\u00e4cher<\/strong> bieten hier mehr Flexibilit\u00e4t, w\u00e4hrend steilere <strong>Schr\u00e4gd\u00e4cher <\/strong>die Entscheidung st\u00e4rker beeinflussen k\u00f6nnen. Unsere <strong>Experten <\/strong>finden f\u00fcr Ihre Dachfl\u00e4chen die ideale <strong>L\u00f6sung<\/strong>.<\/p>\n\n\n\n<h2 class=\"wp-block-heading\">Fazit<\/h2>\n\n\n\n<p>Die Wahl zwischen einer <strong>S\u00fcd- oder Ost-West-Ausrichtung<\/strong> Ihrer Photovoltaik-Anlage h\u00e4ngt von vielen <strong>individuellen <\/strong>Faktoren ab. Beide Varianten haben ihre eigenen <strong>Vor- und Nachteile<\/strong>, die es abzuw\u00e4gen gilt. <\/p>\n\n\n\n<p>Bei <strong>SUN21 <\/strong>stehen Ihnen unsere erfahrenen <strong>Experten <\/strong>zur Seite, um die f\u00fcr Sie<strong> beste L\u00f6sung<\/strong> zu finden. <strong>Kontaktieren Sie uns<\/strong> noch heute, um eine unverbindliche und ma\u00dfgeschneiderte <strong>Beratung <\/strong>zu erhalten und den<strong> ersten Schritt<\/strong> in Richtung einer nachhaltigen und effizienten <strong>Energiezukunft <\/strong>zu gehen.<\/p>\n\n\n\n<div class=\"wp-block-buttons is-content-justification-center is-layout-flex wp-container-core-buttons-is-layout-16018d1d wp-block-buttons-is-layout-flex\">\n<div class=\"wp-block-button\"><a class=\"wp-block-button__link has-text-align-center wp-element-button\" href=\"https:\/\/sun21.at\/wp\/anfrageformular\/\">JETZT BERATUNG ANFRAGEN<\/a><\/div>\n<\/div>\n<div class=\"gsp_post_data\" \r\n\t            data-post_type=\"post\" \r\n\t            data-cat=\"pv-news\" \r\n\t            data-modified=\"120\"\r\n\t            data-created=\"1719842932\"\r\n\t            data-title=\"Optimal ausgerichtet: Photovoltaik-Module nach S\u00fcd oder Ost-West?\" \r\n\t            data-home=\"https:\/\/sun21.at\/wp\"><\/div>","protected":false},"excerpt":{"rendered":"<p>Die Ausrichtung der Photovoltaik am Dach ist oft durch die bereits vorhandenen Dachfl\u00e4chen vorgegeben. Wenn man die Wahl hat, ist es auch eine technische Frage. Entscheiden Sie sich f\u00fcr eine S\u00fcdausrichtung oder ist eine Ost-West-Anlage die bessere Wahl? Wir beleuchten die Vor- und Nachteile.<\/p>\n","protected":false},"author":1,"featured_media":1630,"comment_status":"closed","ping_status":"open","sticky":false,"template":"","format":"standard","meta":{"content-type":"","ngg_post_thumbnail":0,"footnotes":""},"categories":[6],"tags":[],"class_list":["post-1629","post","type-post","status-publish","format-standard","has-post-thumbnail","hentry","category-pv-news"],"yoast_head":"<!-- This site is optimized with the Yoast SEO plugin v27.3 - https:\/\/yoast.com\/product\/yoast-seo-wordpress\/ -->\n<title>Optimal ausgerichtet: Photovoltaik nach S\u00fcd, Ost oder West? | SUN21<\/title>\n<meta name=\"description\" content=\"Finden Sie heraus, ob eine Ausrichtung nach S\u00fcd, Ost oder West f\u00fcr Ihre Photovoltaikanlage am besten geeignet ist.\" \/>\n<meta name=\"robots\" content=\"index, follow, max-snippet:-1, max-image-preview:large, max-video-preview:-1\" \/>\n<link rel=\"canonical\" href=\"https:\/\/sun21.at\/wp\/optimal-ausgerichtet-photovoltaik-nach-sued-oder-ost-west\/\" \/>\n<meta property=\"og:locale\" content=\"de_DE\" \/>\n<meta property=\"og:type\" content=\"article\" \/>\n<meta property=\"og:title\" content=\"Optimal ausgerichtet: Photovoltaik nach S\u00fcd, Ost oder West? | SUN21\" \/>\n<meta property=\"og:description\" content=\"Finden Sie heraus, ob eine Ausrichtung nach S\u00fcd, Ost oder West f\u00fcr Ihre Photovoltaikanlage am besten geeignet ist.\" \/>\n<meta property=\"og:url\" content=\"https:\/\/sun21.at\/wp\/optimal-ausgerichtet-photovoltaik-nach-sued-oder-ost-west\/\" \/>\n<meta property=\"og:site_name\" content=\"SUN21\" \/>\n<meta property=\"article:publisher\" content=\"https:\/\/www.facebook.com\/sun21.at\" \/>\n<meta property=\"article:published_time\" content=\"2024-07-01T14:08:52+00:00\" \/>\n<meta property=\"article:modified_time\" content=\"2024-07-02T09:25:32+00:00\" \/>\n<meta property=\"og:image\" content=\"https:\/\/sun21.at\/wp\/wp-content\/uploads\/2024\/07\/pv_ostwest_sued_bb.png\" \/>\n\t<meta property=\"og:image:width\" content=\"895\" \/>\n\t<meta property=\"og:image:height\" content=\"387\" \/>\n\t<meta property=\"og:image:type\" content=\"image\/png\" \/>\n<meta name=\"author\" content=\"sun21\" \/>\n<script type=\"application\/ld+json\" class=\"yoast-schema-graph\">{\"@context\":\"https:\\\/\\\/schema.org\",\"@graph\":[{\"@type\":\"Article\",\"@id\":\"https:\\\/\\\/sun21.at\\\/wp\\\/optimal-ausgerichtet-photovoltaik-nach-sued-oder-ost-west\\\/#article\",\"isPartOf\":{\"@id\":\"https:\\\/\\\/sun21.at\\\/wp\\\/optimal-ausgerichtet-photovoltaik-nach-sued-oder-ost-west\\\/\"},\"author\":{\"name\":\"sun21\",\"@id\":\"https:\\\/\\\/sun21.at\\\/wp\\\/#\\\/schema\\\/person\\\/f707791fe6546f363fe3da192e82d000\"},\"headline\":\"Optimal ausgerichtet: Photovoltaik-Module nach S\u00fcd oder Ost-West?\",\"datePublished\":\"2024-07-01T14:08:52+00:00\",\"dateModified\":\"2024-07-02T09:25:32+00:00\",\"mainEntityOfPage\":{\"@id\":\"https:\\\/\\\/sun21.at\\\/wp\\\/optimal-ausgerichtet-photovoltaik-nach-sued-oder-ost-west\\\/\"},\"wordCount\":508,\"publisher\":{\"@id\":\"https:\\\/\\\/sun21.at\\\/wp\\\/#organization\"},\"image\":{\"@id\":\"https:\\\/\\\/sun21.at\\\/wp\\\/optimal-ausgerichtet-photovoltaik-nach-sued-oder-ost-west\\\/#primaryimage\"},\"thumbnailUrl\":\"https:\\\/\\\/sun21.at\\\/wp\\\/wp-content\\\/uploads\\\/2024\\\/07\\\/pv_ostwest_sued_bb.png\",\"articleSection\":[\"PV News\"],\"inLanguage\":\"de\"},{\"@type\":\"WebPage\",\"@id\":\"https:\\\/\\\/sun21.at\\\/wp\\\/optimal-ausgerichtet-photovoltaik-nach-sued-oder-ost-west\\\/\",\"url\":\"https:\\\/\\\/sun21.at\\\/wp\\\/optimal-ausgerichtet-photovoltaik-nach-sued-oder-ost-west\\\/\",\"name\":\"Optimal ausgerichtet: Photovoltaik nach S\u00fcd, Ost oder West? | SUN21\",\"isPartOf\":{\"@id\":\"https:\\\/\\\/sun21.at\\\/wp\\\/#website\"},\"primaryImageOfPage\":{\"@id\":\"https:\\\/\\\/sun21.at\\\/wp\\\/optimal-ausgerichtet-photovoltaik-nach-sued-oder-ost-west\\\/#primaryimage\"},\"image\":{\"@id\":\"https:\\\/\\\/sun21.at\\\/wp\\\/optimal-ausgerichtet-photovoltaik-nach-sued-oder-ost-west\\\/#primaryimage\"},\"thumbnailUrl\":\"https:\\\/\\\/sun21.at\\\/wp\\\/wp-content\\\/uploads\\\/2024\\\/07\\\/pv_ostwest_sued_bb.png\",\"datePublished\":\"2024-07-01T14:08:52+00:00\",\"dateModified\":\"2024-07-02T09:25:32+00:00\",\"description\":\"Finden Sie heraus, ob eine Ausrichtung nach S\u00fcd, Ost oder West f\u00fcr Ihre Photovoltaikanlage am besten geeignet ist.\",\"breadcrumb\":{\"@id\":\"https:\\\/\\\/sun21.at\\\/wp\\\/optimal-ausgerichtet-photovoltaik-nach-sued-oder-ost-west\\\/#breadcrumb\"},\"inLanguage\":\"de\",\"potentialAction\":[{\"@type\":\"ReadAction\",\"target\":[\"https:\\\/\\\/sun21.at\\\/wp\\\/optimal-ausgerichtet-photovoltaik-nach-sued-oder-ost-west\\\/\"]}]},{\"@type\":\"ImageObject\",\"inLanguage\":\"de\",\"@id\":\"https:\\\/\\\/sun21.at\\\/wp\\\/optimal-ausgerichtet-photovoltaik-nach-sued-oder-ost-west\\\/#primaryimage\",\"url\":\"https:\\\/\\\/sun21.at\\\/wp\\\/wp-content\\\/uploads\\\/2024\\\/07\\\/pv_ostwest_sued_bb.png\",\"contentUrl\":\"https:\\\/\\\/sun21.at\\\/wp\\\/wp-content\\\/uploads\\\/2024\\\/07\\\/pv_ostwest_sued_bb.png\",\"width\":895,\"height\":387},{\"@type\":\"BreadcrumbList\",\"@id\":\"https:\\\/\\\/sun21.at\\\/wp\\\/optimal-ausgerichtet-photovoltaik-nach-sued-oder-ost-west\\\/#breadcrumb\",\"itemListElement\":[{\"@type\":\"ListItem\",\"position\":1,\"name\":\"Startseite\",\"item\":\"https:\\\/\\\/sun21.at\\\/wp\\\/\"},{\"@type\":\"ListItem\",\"position\":2,\"name\":\"Optimal ausgerichtet: Photovoltaik-Module nach S\u00fcd oder Ost-West?\"}]},{\"@type\":\"WebSite\",\"@id\":\"https:\\\/\\\/sun21.at\\\/wp\\\/#website\",\"url\":\"https:\\\/\\\/sun21.at\\\/wp\\\/\",\"name\":\"SUN21 | Ihr Experte f\u00fcr smarte Energiel\u00f6sungen: Photovoltaik & W\u00e4rmepumpen\",\"description\":\"Ihr Experte f\u00fcr smarte Energiel\u00f6sungen: Photovoltaik, Speicher &amp; W\u00e4rmepumpen\",\"publisher\":{\"@id\":\"https:\\\/\\\/sun21.at\\\/wp\\\/#organization\"},\"alternateName\":\"SUN21\",\"potentialAction\":[{\"@type\":\"SearchAction\",\"target\":{\"@type\":\"EntryPoint\",\"urlTemplate\":\"https:\\\/\\\/sun21.at\\\/wp\\\/?s={search_term_string}\"},\"query-input\":{\"@type\":\"PropertyValueSpecification\",\"valueRequired\":true,\"valueName\":\"search_term_string\"}}],\"inLanguage\":\"de\"},{\"@type\":\"Organization\",\"@id\":\"https:\\\/\\\/sun21.at\\\/wp\\\/#organization\",\"name\":\"SUN21 Smart-Energy GmbH\",\"alternateName\":\"SUN21\",\"url\":\"https:\\\/\\\/sun21.at\\\/wp\\\/\",\"logo\":{\"@type\":\"ImageObject\",\"inLanguage\":\"de\",\"@id\":\"https:\\\/\\\/sun21.at\\\/wp\\\/#\\\/schema\\\/logo\\\/image\\\/\",\"url\":\"https:\\\/\\\/sun21.at\\\/wp\\\/wp-content\\\/uploads\\\/2024\\\/07\\\/sun21_rgb_quadratisch.png\",\"contentUrl\":\"https:\\\/\\\/sun21.at\\\/wp\\\/wp-content\\\/uploads\\\/2024\\\/07\\\/sun21_rgb_quadratisch.png\",\"width\":1030,\"height\":1030,\"caption\":\"SUN21 Smart-Energy GmbH\"},\"image\":{\"@id\":\"https:\\\/\\\/sun21.at\\\/wp\\\/#\\\/schema\\\/logo\\\/image\\\/\"},\"sameAs\":[\"https:\\\/\\\/www.facebook.com\\\/sun21.at\",\"https:\\\/\\\/www.instagram.com\\\/sun21.at\",\"https:\\\/\\\/www.linkedin.com\\\/company\\\/sun21at\"]},{\"@type\":\"Person\",\"@id\":\"https:\\\/\\\/sun21.at\\\/wp\\\/#\\\/schema\\\/person\\\/f707791fe6546f363fe3da192e82d000\",\"name\":\"sun21\",\"sameAs\":[\"https:\\\/\\\/sun21.at\\\/wp\"],\"url\":\"https:\\\/\\\/sun21.at\\\/wp\\\/author\\\/sun21\\\/\"}]}<\/script>\n<!-- \/ Yoast SEO plugin. -->","yoast_head_json":{"title":"Optimal ausgerichtet: Photovoltaik nach S\u00fcd, Ost oder West? | SUN21","description":"Finden Sie heraus, ob eine Ausrichtung nach S\u00fcd, Ost oder West f\u00fcr Ihre Photovoltaikanlage am besten geeignet ist.","robots":{"index":"index","follow":"follow","max-snippet":"max-snippet:-1","max-image-preview":"max-image-preview:large","max-video-preview":"max-video-preview:-1"},"canonical":"https:\/\/sun21.at\/wp\/optimal-ausgerichtet-photovoltaik-nach-sued-oder-ost-west\/","og_locale":"de_DE","og_type":"article","og_title":"Optimal ausgerichtet: Photovoltaik nach S\u00fcd, Ost oder West? | SUN21","og_description":"Finden Sie heraus, ob eine Ausrichtung nach S\u00fcd, Ost oder West f\u00fcr Ihre Photovoltaikanlage am besten geeignet ist.","og_url":"https:\/\/sun21.at\/wp\/optimal-ausgerichtet-photovoltaik-nach-sued-oder-ost-west\/","og_site_name":"SUN21","article_publisher":"https:\/\/www.facebook.com\/sun21.at","article_published_time":"2024-07-01T14:08:52+00:00","article_modified_time":"2024-07-02T09:25:32+00:00","og_image":[{"width":895,"height":387,"url":"https:\/\/sun21.at\/wp\/wp-content\/uploads\/2024\/07\/pv_ostwest_sued_bb.png","type":"image\/png"}],"author":"sun21","schema":{"@context":"https:\/\/schema.org","@graph":[{"@type":"Article","@id":"https:\/\/sun21.at\/wp\/optimal-ausgerichtet-photovoltaik-nach-sued-oder-ost-west\/#article","isPartOf":{"@id":"https:\/\/sun21.at\/wp\/optimal-ausgerichtet-photovoltaik-nach-sued-oder-ost-west\/"},"author":{"name":"sun21","@id":"https:\/\/sun21.at\/wp\/#\/schema\/person\/f707791fe6546f363fe3da192e82d000"},"headline":"Optimal ausgerichtet: Photovoltaik-Module nach S\u00fcd oder Ost-West?","datePublished":"2024-07-01T14:08:52+00:00","dateModified":"2024-07-02T09:25:32+00:00","mainEntityOfPage":{"@id":"https:\/\/sun21.at\/wp\/optimal-ausgerichtet-photovoltaik-nach-sued-oder-ost-west\/"},"wordCount":508,"publisher":{"@id":"https:\/\/sun21.at\/wp\/#organization"},"image":{"@id":"https:\/\/sun21.at\/wp\/optimal-ausgerichtet-photovoltaik-nach-sued-oder-ost-west\/#primaryimage"},"thumbnailUrl":"https:\/\/sun21.at\/wp\/wp-content\/uploads\/2024\/07\/pv_ostwest_sued_bb.png","articleSection":["PV News"],"inLanguage":"de"},{"@type":"WebPage","@id":"https:\/\/sun21.at\/wp\/optimal-ausgerichtet-photovoltaik-nach-sued-oder-ost-west\/","url":"https:\/\/sun21.at\/wp\/optimal-ausgerichtet-photovoltaik-nach-sued-oder-ost-west\/","name":"Optimal ausgerichtet: Photovoltaik nach S\u00fcd, Ost oder West? | SUN21","isPartOf":{"@id":"https:\/\/sun21.at\/wp\/#website"},"primaryImageOfPage":{"@id":"https:\/\/sun21.at\/wp\/optimal-ausgerichtet-photovoltaik-nach-sued-oder-ost-west\/#primaryimage"},"image":{"@id":"https:\/\/sun21.at\/wp\/optimal-ausgerichtet-photovoltaik-nach-sued-oder-ost-west\/#primaryimage"},"thumbnailUrl":"https:\/\/sun21.at\/wp\/wp-content\/uploads\/2024\/07\/pv_ostwest_sued_bb.png","datePublished":"2024-07-01T14:08:52+00:00","dateModified":"2024-07-02T09:25:32+00:00","description":"Finden Sie heraus, ob eine Ausrichtung nach S\u00fcd, Ost oder West f\u00fcr Ihre Photovoltaikanlage am besten geeignet ist.","breadcrumb":{"@id":"https:\/\/sun21.at\/wp\/optimal-ausgerichtet-photovoltaik-nach-sued-oder-ost-west\/#breadcrumb"},"inLanguage":"de","potentialAction":[{"@type":"ReadAction","target":["https:\/\/sun21.at\/wp\/optimal-ausgerichtet-photovoltaik-nach-sued-oder-ost-west\/"]}]},{"@type":"ImageObject","inLanguage":"de","@id":"https:\/\/sun21.at\/wp\/optimal-ausgerichtet-photovoltaik-nach-sued-oder-ost-west\/#primaryimage","url":"https:\/\/sun21.at\/wp\/wp-content\/uploads\/2024\/07\/pv_ostwest_sued_bb.png","contentUrl":"https:\/\/sun21.at\/wp\/wp-content\/uploads\/2024\/07\/pv_ostwest_sued_bb.png","width":895,"height":387},{"@type":"BreadcrumbList","@id":"https:\/\/sun21.at\/wp\/optimal-ausgerichtet-photovoltaik-nach-sued-oder-ost-west\/#breadcrumb","itemListElement":[{"@type":"ListItem","position":1,"name":"Startseite","item":"https:\/\/sun21.at\/wp\/"},{"@type":"ListItem","position":2,"name":"Optimal ausgerichtet: Photovoltaik-Module nach S\u00fcd oder Ost-West?"}]},{"@type":"WebSite","@id":"https:\/\/sun21.at\/wp\/#website","url":"https:\/\/sun21.at\/wp\/","name":"SUN21 | Ihr Experte f\u00fcr smarte Energiel\u00f6sungen: Photovoltaik & W\u00e4rmepumpen","description":"Ihr Experte f\u00fcr smarte Energiel\u00f6sungen: Photovoltaik, Speicher &amp; W\u00e4rmepumpen","publisher":{"@id":"https:\/\/sun21.at\/wp\/#organization"},"alternateName":"SUN21","potentialAction":[{"@type":"SearchAction","target":{"@type":"EntryPoint","urlTemplate":"https:\/\/sun21.at\/wp\/?s={search_term_string}"},"query-input":{"@type":"PropertyValueSpecification","valueRequired":true,"valueName":"search_term_string"}}],"inLanguage":"de"},{"@type":"Organization","@id":"https:\/\/sun21.at\/wp\/#organization","name":"SUN21 Smart-Energy GmbH","alternateName":"SUN21","url":"https:\/\/sun21.at\/wp\/","logo":{"@type":"ImageObject","inLanguage":"de","@id":"https:\/\/sun21.at\/wp\/#\/schema\/logo\/image\/","url":"https:\/\/sun21.at\/wp\/wp-content\/uploads\/2024\/07\/sun21_rgb_quadratisch.png","contentUrl":"https:\/\/sun21.at\/wp\/wp-content\/uploads\/2024\/07\/sun21_rgb_quadratisch.png","width":1030,"height":1030,"caption":"SUN21 Smart-Energy GmbH"},"image":{"@id":"https:\/\/sun21.at\/wp\/#\/schema\/logo\/image\/"},"sameAs":["https:\/\/www.facebook.com\/sun21.at","https:\/\/www.instagram.com\/sun21.at","https:\/\/www.linkedin.com\/company\/sun21at"]},{"@type":"Person","@id":"https:\/\/sun21.at\/wp\/#\/schema\/person\/f707791fe6546f363fe3da192e82d000","name":"sun21","sameAs":["https:\/\/sun21.at\/wp"],"url":"https:\/\/sun21.at\/wp\/author\/sun21\/"}]}},"_links":{"self":[{"href":"https:\/\/sun21.at\/wp\/wp-json\/wp\/v2\/posts\/1629","targetHints":{"allow":["GET"]}}],"collection":[{"href":"https:\/\/sun21.at\/wp\/wp-json\/wp\/v2\/posts"}],"about":[{"href":"https:\/\/sun21.at\/wp\/wp-json\/wp\/v2\/types\/post"}],"author":[{"embeddable":true,"href":"https:\/\/sun21.at\/wp\/wp-json\/wp\/v2\/users\/1"}],"replies":[{"embeddable":true,"href":"https:\/\/sun21.at\/wp\/wp-json\/wp\/v2\/comments?post=1629"}],"version-history":[{"count":10,"href":"https:\/\/sun21.at\/wp\/wp-json\/wp\/v2\/posts\/1629\/revisions"}],"predecessor-version":[{"id":1648,"href":"https:\/\/sun21.at\/wp\/wp-json\/wp\/v2\/posts\/1629\/revisions\/1648"}],"wp:featuredmedia":[{"embeddable":true,"href":"https:\/\/sun21.at\/wp\/wp-json\/wp\/v2\/media\/1630"}],"wp:attachment":[{"href":"https:\/\/sun21.at\/wp\/wp-json\/wp\/v2\/media?parent=1629"}],"wp:term":[{"taxonomy":"category","embeddable":true,"href":"https:\/\/sun21.at\/wp\/wp-json\/wp\/v2\/categories?post=1629"},{"taxonomy":"post_tag","embeddable":true,"href":"https:\/\/sun21.at\/wp\/wp-json\/wp\/v2\/tags?post=1629"}],"curies":[{"name":"wp","href":"https:\/\/api.w.org\/{rel}","templated":true}]}}