{"id":1515,"date":"2024-06-10T09:58:32","date_gmt":"2024-06-10T09:58:32","guid":{"rendered":"https:\/\/sun21.at\/wp\/?p=1515"},"modified":"2025-01-20T13:22:44","modified_gmt":"2025-01-20T13:22:44","slug":"dank-sun21-endlich-eigener-photovoltaik-strom-fuer-atsv-sparta-deutsch-wagram","status":"publish","type":"post","link":"https:\/\/sun21.at\/wp\/dank-sun21-endlich-eigener-photovoltaik-strom-fuer-atsv-sparta-deutsch-wagram\/","title":{"rendered":"Dank SUN21: Endlich eigener PV-Strom f\u00fcr Sparta Deutsch-Wagram"},"content":{"rendered":"\n<p><strong>Ein Sponsoring sorgt f\u00fcr sofortige Einsparungen und Zukunftssicherheit des Fu\u00dfballvereins.<\/strong><\/p>\n\n\n\n<!--more-->\n\n\n\n<h2 class=\"wp-block-heading\">K\u00fchlhaus, Pumpen und Duschen ab sofort mit Sonnenstrom betrieben<\/h2>\n\n\n\n<div class=\"wp-block-columns is-layout-flex wp-container-core-columns-is-layout-9d6595d7 wp-block-columns-is-layout-flex\">\n<div class=\"wp-block-column is-layout-flow wp-block-column-is-layout-flow\">\n<p><strong>SUN21<\/strong>, der f\u00fchrende Photovoltaik-Anbieter der Region, hat am <strong>Dach <\/strong>des Hauptgeb\u00e4udes <strong>der Sparta<\/strong> eine moderne <strong>13kWp Photovoltaik-Anlage<\/strong> errichtet. Ab sofort sorgt <strong>Sonnenstrom <\/strong>f\u00fcr den Betrieb des <strong>K\u00fchlhauses <\/strong>und der Pumpenanlage f\u00fcr die Bew\u00e4sserung, sowie auch f\u00fcr die Warmwassererzeugung f\u00fcr die <strong>Duschen <\/strong>und das Laden des Rasenroboters.<\/p>\n<\/div>\n\n\n\n<div class=\"wp-block-column is-layout-flow wp-block-column-is-layout-flow\">\n<figure data-wp-context=\"{&quot;imageId&quot;:&quot;69f2ab67db4f4&quot;}\" data-wp-interactive=\"core\/image\" data-wp-key=\"69f2ab67db4f4\" class=\"wp-block-image size-medium is-resized is-style-default wp-lightbox-container\"><img loading=\"lazy\" decoding=\"async\" width=\"300\" height=\"225\" data-wp-class--hide=\"state.isContentHidden\" data-wp-class--show=\"state.isContentVisible\" data-wp-init=\"callbacks.setButtonStyles\" data-wp-on--click=\"actions.showLightbox\" data-wp-on--load=\"callbacks.setButtonStyles\" data-wp-on-window--resize=\"callbacks.setButtonStyles\" src=\"https:\/\/sun21.at\/wp\/wp-content\/uploads\/2024\/06\/SUN21_Sparta_01-300x225.jpg\" alt=\"Franz Urbanek (Miteigent\u00fcmer SUN21), Ing. Zdenko Miklendin (Gesch\u00e4ftsf\u00fchrer SUN21), Werner Matzinger (Obmann ATSV Sparta), Manuel Urbanek (Gesch\u00e4ftsf\u00fchrer SUN21) mit Niko Stocker (U11 ATSV Sparta)\" class=\"wp-image-1517\" style=\"object-fit:cover;width:319px;height:auto\" srcset=\"https:\/\/sun21.at\/wp\/wp-content\/uploads\/2024\/06\/SUN21_Sparta_01-300x225.jpg 300w, https:\/\/sun21.at\/wp\/wp-content\/uploads\/2024\/06\/SUN21_Sparta_01-1024x767.jpg 1024w, https:\/\/sun21.at\/wp\/wp-content\/uploads\/2024\/06\/SUN21_Sparta_01-150x112.jpg 150w, https:\/\/sun21.at\/wp\/wp-content\/uploads\/2024\/06\/SUN21_Sparta_01-768x575.jpg 768w, https:\/\/sun21.at\/wp\/wp-content\/uploads\/2024\/06\/SUN21_Sparta_01-1536x1150.jpg 1536w, https:\/\/sun21.at\/wp\/wp-content\/uploads\/2024\/06\/SUN21_Sparta_01.jpg 1902w\" sizes=\"auto, (max-width: 300px) 100vw, 300px\" \/><button\n\t\t\tclass=\"lightbox-trigger\"\n\t\t\ttype=\"button\"\n\t\t\taria-haspopup=\"dialog\"\n\t\t\taria-label=\"Vergr\u00f6\u00dfern\"\n\t\t\tdata-wp-init=\"callbacks.initTriggerButton\"\n\t\t\tdata-wp-on--click=\"actions.showLightbox\"\n\t\t\tdata-wp-style--right=\"state.imageButtonRight\"\n\t\t\tdata-wp-style--top=\"state.imageButtonTop\"\n\t\t>\n\t\t\t<svg xmlns=\"http:\/\/www.w3.org\/2000\/svg\" width=\"12\" height=\"12\" fill=\"none\" viewBox=\"0 0 12 12\">\n\t\t\t\t<path fill=\"#fff\" d=\"M2 0a2 2 0 0 0-2 2v2h1.5V2a.5.5 0 0 1 .5-.5h2V0H2Zm2 10.5H2a.5.5 0 0 1-.5-.5V8H0v2a2 2 0 0 0 2 2h2v-1.5ZM8 12v-1.5h2a.5.5 0 0 0 .5-.5V8H12v2a2 2 0 0 1-2 2H8Zm2-12a2 2 0 0 1 2 2v2h-1.5V2a.5.5 0 0 0-.5-.5H8V0h2Z\" \/>\n\t\t\t<\/svg>\n\t\t<\/button><\/figure>\n<\/div>\n<\/div>\n\n\n\n<h2 class=\"wp-block-heading\">&#8222;Was wollen wir unseren Kindern, unseren Enkeln hinterlassen?&#8220;<\/h2>\n\n\n\n<div class=\"wp-block-columns is-layout-flex wp-container-core-columns-is-layout-9d6595d7 wp-block-columns-is-layout-flex\">\n<div class=\"wp-block-column is-vertically-aligned-top is-layout-flow wp-block-column-is-layout-flow\" style=\"flex-basis:33.33%\">\n<figure data-wp-context=\"{&quot;imageId&quot;:&quot;69f2ab67dbf7b&quot;}\" data-wp-interactive=\"core\/image\" data-wp-key=\"69f2ab67dbf7b\" class=\"wp-block-image size-medium wp-lightbox-container\"><img loading=\"lazy\" decoding=\"async\" width=\"225\" height=\"300\" data-wp-class--hide=\"state.isContentHidden\" data-wp-class--show=\"state.isContentVisible\" data-wp-init=\"callbacks.setButtonStyles\" data-wp-on--click=\"actions.showLightbox\" data-wp-on--load=\"callbacks.setButtonStyles\" data-wp-on-window--resize=\"callbacks.setButtonStyles\" src=\"https:\/\/sun21.at\/wp\/wp-content\/uploads\/2024\/06\/SUN21_Sparta_03-225x300.jpg\" alt=\"SUN21 PV-Anlage am Hauptgeb\u00e4ude der ATSV Sparta Deutsch-Wagram\" class=\"wp-image-1518\" srcset=\"https:\/\/sun21.at\/wp\/wp-content\/uploads\/2024\/06\/SUN21_Sparta_03-225x300.jpg 225w, https:\/\/sun21.at\/wp\/wp-content\/uploads\/2024\/06\/SUN21_Sparta_03-768x1024.jpg 768w, https:\/\/sun21.at\/wp\/wp-content\/uploads\/2024\/06\/SUN21_Sparta_03-113x150.jpg 113w, https:\/\/sun21.at\/wp\/wp-content\/uploads\/2024\/06\/SUN21_Sparta_03-1152x1536.jpg 1152w, https:\/\/sun21.at\/wp\/wp-content\/uploads\/2024\/06\/SUN21_Sparta_03-1536x2048.jpg 1536w, https:\/\/sun21.at\/wp\/wp-content\/uploads\/2024\/06\/SUN21_Sparta_03-scaled.jpg 1920w\" sizes=\"auto, (max-width: 225px) 100vw, 225px\" \/><button\n\t\t\tclass=\"lightbox-trigger\"\n\t\t\ttype=\"button\"\n\t\t\taria-haspopup=\"dialog\"\n\t\t\taria-label=\"Vergr\u00f6\u00dfern\"\n\t\t\tdata-wp-init=\"callbacks.initTriggerButton\"\n\t\t\tdata-wp-on--click=\"actions.showLightbox\"\n\t\t\tdata-wp-style--right=\"state.imageButtonRight\"\n\t\t\tdata-wp-style--top=\"state.imageButtonTop\"\n\t\t>\n\t\t\t<svg xmlns=\"http:\/\/www.w3.org\/2000\/svg\" width=\"12\" height=\"12\" fill=\"none\" viewBox=\"0 0 12 12\">\n\t\t\t\t<path fill=\"#fff\" d=\"M2 0a2 2 0 0 0-2 2v2h1.5V2a.5.5 0 0 1 .5-.5h2V0H2Zm2 10.5H2a.5.5 0 0 1-.5-.5V8H0v2a2 2 0 0 0 2 2h2v-1.5ZM8 12v-1.5h2a.5.5 0 0 0 .5-.5V8H12v2a2 2 0 0 1-2 2H8Zm2-12a2 2 0 0 1 2 2v2h-1.5V2a.5.5 0 0 0-.5-.5H8V0h2Z\" \/>\n\t\t\t<\/svg>\n\t\t<\/button><\/figure>\n<\/div>\n\n\n\n<div class=\"wp-block-column is-layout-flow wp-block-column-is-layout-flow\" style=\"flex-basis:66.66%\">\n<p>Die Anlage erzeugt j\u00e4hrlich rd. <strong>13.000 kWh Strom<\/strong> f\u00fcr den Verein und spart damit etwa 7 Tonnen CO2. &#8222;Die Frage ist: was wollen wir unseren Kindern, unseren Enkeln hinterlassen? Sauberer Strom ist ein guter Anfang!&#8220;, so <strong>Franz Urbanek<\/strong> (Miteigent\u00fcmer von SUN21 und Gesch\u00e4ftsf\u00fchrer der Offlimit Marchfeld Druck in Deutsch-Wagram). &#8222;Wir sind wirklich dankbar f\u00fcr die unb\u00fcrokratische und schnelle Unterst\u00fctzung.&#8220; bedankt sich <strong>Werner Matzinger<\/strong> (Obmann der ATSV Sparta Deutsch-Wagram).<\/p>\n<\/div>\n<\/div>\n\n\n\n<h2 class=\"wp-block-heading\">&#8222;Regionales Engagement ist uns wichtig&#8220;<\/h2>\n\n\n\n<p>\u201e<strong>Regionales Engagement<\/strong> ist uns wichtig. Vor allem in Deutsch-Wagram, wo wir bereits bei zahlreichen Kunden installiert haben.\u201c, so <strong>Manuel Urbanek<\/strong> (SUN21 Gesch\u00e4ftsf\u00fchrer). Sein 40-k\u00f6pfiges Team betreut bereits \u00fcber 450 Solarkunden im Weinviertel, Marchfeld, Retzer Land sowie im Norden Wiens.<\/p>\n\n\n\n<h2 class=\"wp-block-heading\">Pers\u00f6nliche Betreuung auch nach der Fertigstellung<\/h2>\n\n\n\n<p>Die <strong>pers\u00f6nliche Betreuung<\/strong> von SUN21 umfasst die Besichtigung, Planung, organisatorische Abwicklung mit dem Netzbetreiber und F\u00f6rderstellen, Dachmontage und die elektrotechnische Inbetriebnahme. \u201eUns ist wichtig, dass die Kunden auch danach nicht allein gelassen werden!\u201c, erkl\u00e4rt Ing. <strong>Zdenko Miklendin<\/strong> (SUN21 Gesch\u00e4ftsf\u00fchrer und Elektrotechnik-Chef) den SUN21 Support.<\/p>\n\n\n\n<h2 class=\"wp-block-heading\">Presse-Download<\/h2>\n\n\n\n<p><a href=\"https:\/\/sun21.at\/wp\/wp-content\/uploads\/2024\/06\/240610-Pressemitteilung-SUN21-ATSV-Sparta-Deutsch-Wagram.pdf\">Pressetext als PDF<\/a><\/p>\n\n\n\n<p><a href=\"https:\/\/sun21.at\/wp\/wp-content\/uploads\/2024\/06\/SUN21_Sparta_01.jpg\">Hochaufl\u00f6sendes Pressefoto 1<\/a> (Copyright: SUN21) &#8211; Franz Urbanek (Miteigent\u00fcmer SUN21), Ing. Zdenko Miklendin (Gesch\u00e4ftsf\u00fchrer SUN21), Werner Matzinger (Obmann ATSV Sparta), Manuel Urbanek (Gesch\u00e4ftsf\u00fchrer SUN21) mit Niko Stocker (U11 ATSV Sparta)<\/p>\n\n\n\n<p><a href=\"https:\/\/sun21.at\/wp\/wp-content\/uploads\/2024\/06\/SUN21_Sparta_02.jpg\">Hochaufl\u00f6sendes Pressefoto 2<\/a> (Copyright: SUN21) &#8211; Franz Urbanek (Miteigent\u00fcmer SUN21), Ing. Zdenko Miklendin (Gesch\u00e4ftsf\u00fchrer SUN21), Werner Matzinger (Obmann ATSV Sparta), Manuel Urbanek (Gesch\u00e4ftsf\u00fchrer SUN21) mit Niko Stocker (U11 ATSV Sparta)<\/p>\n\n\n\n<p><a href=\"https:\/\/sun21.at\/wp\/wp-content\/uploads\/2024\/06\/SUN21_Sparta_03-scaled.jpg\">Hochaufl\u00f6sendes Pressefoto 3<\/a> (Copyright: SUN21) &#8211; SUN21 PV-Anlage am Hauptgeb\u00e4ude der ATSV Sparta Deutsch-Wagram<\/p>\n\n\n\n<h2 class=\"wp-block-heading\">Das k\u00f6nnte ebenfalls interessant sein:<\/h2>\n\n\n\n<ul class=\"wp-block-list\">\n<li><a href=\"https:\/\/sun21.at\/wp\/photovoltaik\">Photovoltaik f\u00fcr Einfamilienh\u00e4user<\/a><\/li>\n\n\n\n<li><a href=\"https:\/\/sun21.at\/wp\/waermepumpe\/\">Luft-W\u00e4rmepumpen<\/a><\/li>\n\n\n\n<li><a href=\"https:\/\/sun21.at\/wp\/anfrageformular\/\">Anfrageformular<\/a><\/li>\n<\/ul>\n\n\n\n<p><\/p>\n<div class=\"gsp_post_data\" \r\n\t            data-post_type=\"post\" \r\n\t            data-cat=\"sun21\" \r\n\t            data-modified=\"120\"\r\n\t            data-created=\"1718013512\"\r\n\t            data-title=\"Dank SUN21: Endlich eigener PV-Strom f\u00fcr Sparta Deutsch-Wagram\" \r\n\t            data-home=\"https:\/\/sun21.at\/wp\"><\/div>","protected":false},"excerpt":{"rendered":"<p>Ein Sponsoring sorgt f\u00fcr sofortige Einsparungen und Zukunftssicherheit des Fu\u00dfballvereins.<\/p>\n","protected":false},"author":1,"featured_media":1516,"comment_status":"closed","ping_status":"open","sticky":false,"template":"","format":"standard","meta":{"content-type":"","ngg_post_thumbnail":0,"footnotes":""},"categories":[8],"tags":[],"class_list":["post-1515","post","type-post","status-publish","format-standard","has-post-thumbnail","hentry","category-sun21"],"yoast_head":"<!-- This site is optimized with the Yoast SEO plugin v27.3 - https:\/\/yoast.com\/product\/yoast-seo-wordpress\/ -->\n<title>ATSV Sparta Deutsch-Wagram: Eigener Photovoltaik-Strom dank SUN21<\/title>\n<meta name=\"description\" content=\"Der ATSV Sparta Deutsch-Wagram nutzt eigenen Sonnenstrom: Entdecken Sie das erfolgreiche Photovoltaik-Projekt mit SUN21.\" \/>\n<meta name=\"robots\" content=\"index, follow, max-snippet:-1, max-image-preview:large, max-video-preview:-1\" \/>\n<link rel=\"canonical\" href=\"https:\/\/sun21.at\/wp\/dank-sun21-endlich-eigener-photovoltaik-strom-fuer-atsv-sparta-deutsch-wagram\/\" \/>\n<meta property=\"og:locale\" content=\"de_DE\" \/>\n<meta property=\"og:type\" content=\"article\" \/>\n<meta property=\"og:title\" content=\"ATSV Sparta Deutsch-Wagram: Eigener Photovoltaik-Strom dank SUN21\" \/>\n<meta property=\"og:description\" content=\"Der ATSV Sparta Deutsch-Wagram nutzt eigenen Sonnenstrom: Entdecken Sie das erfolgreiche Photovoltaik-Projekt mit SUN21.\" \/>\n<meta property=\"og:url\" content=\"https:\/\/sun21.at\/wp\/dank-sun21-endlich-eigener-photovoltaik-strom-fuer-atsv-sparta-deutsch-wagram\/\" \/>\n<meta property=\"og:site_name\" content=\"SUN21\" \/>\n<meta property=\"article:publisher\" content=\"https:\/\/www.facebook.com\/sun21.at\" \/>\n<meta property=\"article:published_time\" content=\"2024-06-10T09:58:32+00:00\" \/>\n<meta property=\"article:modified_time\" content=\"2025-01-20T13:22:44+00:00\" \/>\n<meta property=\"og:image\" content=\"https:\/\/sun21.at\/wp\/wp-content\/uploads\/2024\/06\/sun21_sparta_sponsoring_bb.png\" \/>\n\t<meta property=\"og:image:width\" content=\"895\" \/>\n\t<meta property=\"og:image:height\" content=\"387\" \/>\n\t<meta property=\"og:image:type\" content=\"image\/png\" \/>\n<meta name=\"author\" content=\"sun21\" \/>\n<script type=\"application\/ld+json\" class=\"yoast-schema-graph\">{\"@context\":\"https:\\\/\\\/schema.org\",\"@graph\":[{\"@type\":\"Article\",\"@id\":\"https:\\\/\\\/sun21.at\\\/wp\\\/dank-sun21-endlich-eigener-photovoltaik-strom-fuer-atsv-sparta-deutsch-wagram\\\/#article\",\"isPartOf\":{\"@id\":\"https:\\\/\\\/sun21.at\\\/wp\\\/dank-sun21-endlich-eigener-photovoltaik-strom-fuer-atsv-sparta-deutsch-wagram\\\/\"},\"author\":{\"name\":\"sun21\",\"@id\":\"https:\\\/\\\/sun21.at\\\/wp\\\/#\\\/schema\\\/person\\\/f707791fe6546f363fe3da192e82d000\"},\"headline\":\"Dank SUN21: Endlich eigener PV-Strom f\u00fcr Sparta Deutsch-Wagram\",\"datePublished\":\"2024-06-10T09:58:32+00:00\",\"dateModified\":\"2025-01-20T13:22:44+00:00\",\"mainEntityOfPage\":{\"@id\":\"https:\\\/\\\/sun21.at\\\/wp\\\/dank-sun21-endlich-eigener-photovoltaik-strom-fuer-atsv-sparta-deutsch-wagram\\\/\"},\"wordCount\":372,\"publisher\":{\"@id\":\"https:\\\/\\\/sun21.at\\\/wp\\\/#organization\"},\"image\":{\"@id\":\"https:\\\/\\\/sun21.at\\\/wp\\\/dank-sun21-endlich-eigener-photovoltaik-strom-fuer-atsv-sparta-deutsch-wagram\\\/#primaryimage\"},\"thumbnailUrl\":\"https:\\\/\\\/sun21.at\\\/wp\\\/wp-content\\\/uploads\\\/2024\\\/06\\\/sun21_sparta_sponsoring_bb.png\",\"articleSection\":[\"SUN21\"],\"inLanguage\":\"de\"},{\"@type\":\"WebPage\",\"@id\":\"https:\\\/\\\/sun21.at\\\/wp\\\/dank-sun21-endlich-eigener-photovoltaik-strom-fuer-atsv-sparta-deutsch-wagram\\\/\",\"url\":\"https:\\\/\\\/sun21.at\\\/wp\\\/dank-sun21-endlich-eigener-photovoltaik-strom-fuer-atsv-sparta-deutsch-wagram\\\/\",\"name\":\"ATSV Sparta Deutsch-Wagram: Eigener Photovoltaik-Strom dank SUN21\",\"isPartOf\":{\"@id\":\"https:\\\/\\\/sun21.at\\\/wp\\\/#website\"},\"primaryImageOfPage\":{\"@id\":\"https:\\\/\\\/sun21.at\\\/wp\\\/dank-sun21-endlich-eigener-photovoltaik-strom-fuer-atsv-sparta-deutsch-wagram\\\/#primaryimage\"},\"image\":{\"@id\":\"https:\\\/\\\/sun21.at\\\/wp\\\/dank-sun21-endlich-eigener-photovoltaik-strom-fuer-atsv-sparta-deutsch-wagram\\\/#primaryimage\"},\"thumbnailUrl\":\"https:\\\/\\\/sun21.at\\\/wp\\\/wp-content\\\/uploads\\\/2024\\\/06\\\/sun21_sparta_sponsoring_bb.png\",\"datePublished\":\"2024-06-10T09:58:32+00:00\",\"dateModified\":\"2025-01-20T13:22:44+00:00\",\"description\":\"Der ATSV Sparta Deutsch-Wagram nutzt eigenen Sonnenstrom: Entdecken Sie das erfolgreiche Photovoltaik-Projekt mit SUN21.\",\"breadcrumb\":{\"@id\":\"https:\\\/\\\/sun21.at\\\/wp\\\/dank-sun21-endlich-eigener-photovoltaik-strom-fuer-atsv-sparta-deutsch-wagram\\\/#breadcrumb\"},\"inLanguage\":\"de\",\"potentialAction\":[{\"@type\":\"ReadAction\",\"target\":[\"https:\\\/\\\/sun21.at\\\/wp\\\/dank-sun21-endlich-eigener-photovoltaik-strom-fuer-atsv-sparta-deutsch-wagram\\\/\"]}]},{\"@type\":\"ImageObject\",\"inLanguage\":\"de\",\"@id\":\"https:\\\/\\\/sun21.at\\\/wp\\\/dank-sun21-endlich-eigener-photovoltaik-strom-fuer-atsv-sparta-deutsch-wagram\\\/#primaryimage\",\"url\":\"https:\\\/\\\/sun21.at\\\/wp\\\/wp-content\\\/uploads\\\/2024\\\/06\\\/sun21_sparta_sponsoring_bb.png\",\"contentUrl\":\"https:\\\/\\\/sun21.at\\\/wp\\\/wp-content\\\/uploads\\\/2024\\\/06\\\/sun21_sparta_sponsoring_bb.png\",\"width\":895,\"height\":387},{\"@type\":\"BreadcrumbList\",\"@id\":\"https:\\\/\\\/sun21.at\\\/wp\\\/dank-sun21-endlich-eigener-photovoltaik-strom-fuer-atsv-sparta-deutsch-wagram\\\/#breadcrumb\",\"itemListElement\":[{\"@type\":\"ListItem\",\"position\":1,\"name\":\"Startseite\",\"item\":\"https:\\\/\\\/sun21.at\\\/wp\\\/\"},{\"@type\":\"ListItem\",\"position\":2,\"name\":\"Dank SUN21: Endlich eigener PV-Strom f\u00fcr Sparta Deutsch-Wagram\"}]},{\"@type\":\"WebSite\",\"@id\":\"https:\\\/\\\/sun21.at\\\/wp\\\/#website\",\"url\":\"https:\\\/\\\/sun21.at\\\/wp\\\/\",\"name\":\"SUN21 | Ihr Experte f\u00fcr smarte Energiel\u00f6sungen: Photovoltaik & W\u00e4rmepumpen\",\"description\":\"Ihr Experte f\u00fcr smarte Energiel\u00f6sungen: Photovoltaik, Speicher &amp; W\u00e4rmepumpen\",\"publisher\":{\"@id\":\"https:\\\/\\\/sun21.at\\\/wp\\\/#organization\"},\"alternateName\":\"SUN21\",\"potentialAction\":[{\"@type\":\"SearchAction\",\"target\":{\"@type\":\"EntryPoint\",\"urlTemplate\":\"https:\\\/\\\/sun21.at\\\/wp\\\/?s={search_term_string}\"},\"query-input\":{\"@type\":\"PropertyValueSpecification\",\"valueRequired\":true,\"valueName\":\"search_term_string\"}}],\"inLanguage\":\"de\"},{\"@type\":\"Organization\",\"@id\":\"https:\\\/\\\/sun21.at\\\/wp\\\/#organization\",\"name\":\"SUN21 Smart-Energy GmbH\",\"alternateName\":\"SUN21\",\"url\":\"https:\\\/\\\/sun21.at\\\/wp\\\/\",\"logo\":{\"@type\":\"ImageObject\",\"inLanguage\":\"de\",\"@id\":\"https:\\\/\\\/sun21.at\\\/wp\\\/#\\\/schema\\\/logo\\\/image\\\/\",\"url\":\"https:\\\/\\\/sun21.at\\\/wp\\\/wp-content\\\/uploads\\\/2024\\\/07\\\/sun21_rgb_quadratisch.png\",\"contentUrl\":\"https:\\\/\\\/sun21.at\\\/wp\\\/wp-content\\\/uploads\\\/2024\\\/07\\\/sun21_rgb_quadratisch.png\",\"width\":1030,\"height\":1030,\"caption\":\"SUN21 Smart-Energy GmbH\"},\"image\":{\"@id\":\"https:\\\/\\\/sun21.at\\\/wp\\\/#\\\/schema\\\/logo\\\/image\\\/\"},\"sameAs\":[\"https:\\\/\\\/www.facebook.com\\\/sun21.at\",\"https:\\\/\\\/www.instagram.com\\\/sun21.at\",\"https:\\\/\\\/www.linkedin.com\\\/company\\\/sun21at\"]},{\"@type\":\"Person\",\"@id\":\"https:\\\/\\\/sun21.at\\\/wp\\\/#\\\/schema\\\/person\\\/f707791fe6546f363fe3da192e82d000\",\"name\":\"sun21\",\"sameAs\":[\"https:\\\/\\\/sun21.at\\\/wp\"],\"url\":\"https:\\\/\\\/sun21.at\\\/wp\\\/author\\\/sun21\\\/\"}]}<\/script>\n<!-- \/ Yoast SEO plugin. -->","yoast_head_json":{"title":"ATSV Sparta Deutsch-Wagram: Eigener Photovoltaik-Strom dank SUN21","description":"Der ATSV Sparta Deutsch-Wagram nutzt eigenen Sonnenstrom: Entdecken Sie das erfolgreiche Photovoltaik-Projekt mit SUN21.","robots":{"index":"index","follow":"follow","max-snippet":"max-snippet:-1","max-image-preview":"max-image-preview:large","max-video-preview":"max-video-preview:-1"},"canonical":"https:\/\/sun21.at\/wp\/dank-sun21-endlich-eigener-photovoltaik-strom-fuer-atsv-sparta-deutsch-wagram\/","og_locale":"de_DE","og_type":"article","og_title":"ATSV Sparta Deutsch-Wagram: Eigener Photovoltaik-Strom dank SUN21","og_description":"Der ATSV Sparta Deutsch-Wagram nutzt eigenen Sonnenstrom: Entdecken Sie das erfolgreiche Photovoltaik-Projekt mit SUN21.","og_url":"https:\/\/sun21.at\/wp\/dank-sun21-endlich-eigener-photovoltaik-strom-fuer-atsv-sparta-deutsch-wagram\/","og_site_name":"SUN21","article_publisher":"https:\/\/www.facebook.com\/sun21.at","article_published_time":"2024-06-10T09:58:32+00:00","article_modified_time":"2025-01-20T13:22:44+00:00","og_image":[{"width":895,"height":387,"url":"https:\/\/sun21.at\/wp\/wp-content\/uploads\/2024\/06\/sun21_sparta_sponsoring_bb.png","type":"image\/png"}],"author":"sun21","schema":{"@context":"https:\/\/schema.org","@graph":[{"@type":"Article","@id":"https:\/\/sun21.at\/wp\/dank-sun21-endlich-eigener-photovoltaik-strom-fuer-atsv-sparta-deutsch-wagram\/#article","isPartOf":{"@id":"https:\/\/sun21.at\/wp\/dank-sun21-endlich-eigener-photovoltaik-strom-fuer-atsv-sparta-deutsch-wagram\/"},"author":{"name":"sun21","@id":"https:\/\/sun21.at\/wp\/#\/schema\/person\/f707791fe6546f363fe3da192e82d000"},"headline":"Dank SUN21: Endlich eigener PV-Strom f\u00fcr Sparta Deutsch-Wagram","datePublished":"2024-06-10T09:58:32+00:00","dateModified":"2025-01-20T13:22:44+00:00","mainEntityOfPage":{"@id":"https:\/\/sun21.at\/wp\/dank-sun21-endlich-eigener-photovoltaik-strom-fuer-atsv-sparta-deutsch-wagram\/"},"wordCount":372,"publisher":{"@id":"https:\/\/sun21.at\/wp\/#organization"},"image":{"@id":"https:\/\/sun21.at\/wp\/dank-sun21-endlich-eigener-photovoltaik-strom-fuer-atsv-sparta-deutsch-wagram\/#primaryimage"},"thumbnailUrl":"https:\/\/sun21.at\/wp\/wp-content\/uploads\/2024\/06\/sun21_sparta_sponsoring_bb.png","articleSection":["SUN21"],"inLanguage":"de"},{"@type":"WebPage","@id":"https:\/\/sun21.at\/wp\/dank-sun21-endlich-eigener-photovoltaik-strom-fuer-atsv-sparta-deutsch-wagram\/","url":"https:\/\/sun21.at\/wp\/dank-sun21-endlich-eigener-photovoltaik-strom-fuer-atsv-sparta-deutsch-wagram\/","name":"ATSV Sparta Deutsch-Wagram: Eigener Photovoltaik-Strom dank SUN21","isPartOf":{"@id":"https:\/\/sun21.at\/wp\/#website"},"primaryImageOfPage":{"@id":"https:\/\/sun21.at\/wp\/dank-sun21-endlich-eigener-photovoltaik-strom-fuer-atsv-sparta-deutsch-wagram\/#primaryimage"},"image":{"@id":"https:\/\/sun21.at\/wp\/dank-sun21-endlich-eigener-photovoltaik-strom-fuer-atsv-sparta-deutsch-wagram\/#primaryimage"},"thumbnailUrl":"https:\/\/sun21.at\/wp\/wp-content\/uploads\/2024\/06\/sun21_sparta_sponsoring_bb.png","datePublished":"2024-06-10T09:58:32+00:00","dateModified":"2025-01-20T13:22:44+00:00","description":"Der ATSV Sparta Deutsch-Wagram nutzt eigenen Sonnenstrom: Entdecken Sie das erfolgreiche Photovoltaik-Projekt mit SUN21.","breadcrumb":{"@id":"https:\/\/sun21.at\/wp\/dank-sun21-endlich-eigener-photovoltaik-strom-fuer-atsv-sparta-deutsch-wagram\/#breadcrumb"},"inLanguage":"de","potentialAction":[{"@type":"ReadAction","target":["https:\/\/sun21.at\/wp\/dank-sun21-endlich-eigener-photovoltaik-strom-fuer-atsv-sparta-deutsch-wagram\/"]}]},{"@type":"ImageObject","inLanguage":"de","@id":"https:\/\/sun21.at\/wp\/dank-sun21-endlich-eigener-photovoltaik-strom-fuer-atsv-sparta-deutsch-wagram\/#primaryimage","url":"https:\/\/sun21.at\/wp\/wp-content\/uploads\/2024\/06\/sun21_sparta_sponsoring_bb.png","contentUrl":"https:\/\/sun21.at\/wp\/wp-content\/uploads\/2024\/06\/sun21_sparta_sponsoring_bb.png","width":895,"height":387},{"@type":"BreadcrumbList","@id":"https:\/\/sun21.at\/wp\/dank-sun21-endlich-eigener-photovoltaik-strom-fuer-atsv-sparta-deutsch-wagram\/#breadcrumb","itemListElement":[{"@type":"ListItem","position":1,"name":"Startseite","item":"https:\/\/sun21.at\/wp\/"},{"@type":"ListItem","position":2,"name":"Dank SUN21: Endlich eigener PV-Strom f\u00fcr Sparta Deutsch-Wagram"}]},{"@type":"WebSite","@id":"https:\/\/sun21.at\/wp\/#website","url":"https:\/\/sun21.at\/wp\/","name":"SUN21 | Ihr Experte f\u00fcr smarte Energiel\u00f6sungen: Photovoltaik & W\u00e4rmepumpen","description":"Ihr Experte f\u00fcr smarte Energiel\u00f6sungen: Photovoltaik, Speicher &amp; W\u00e4rmepumpen","publisher":{"@id":"https:\/\/sun21.at\/wp\/#organization"},"alternateName":"SUN21","potentialAction":[{"@type":"SearchAction","target":{"@type":"EntryPoint","urlTemplate":"https:\/\/sun21.at\/wp\/?s={search_term_string}"},"query-input":{"@type":"PropertyValueSpecification","valueRequired":true,"valueName":"search_term_string"}}],"inLanguage":"de"},{"@type":"Organization","@id":"https:\/\/sun21.at\/wp\/#organization","name":"SUN21 Smart-Energy GmbH","alternateName":"SUN21","url":"https:\/\/sun21.at\/wp\/","logo":{"@type":"ImageObject","inLanguage":"de","@id":"https:\/\/sun21.at\/wp\/#\/schema\/logo\/image\/","url":"https:\/\/sun21.at\/wp\/wp-content\/uploads\/2024\/07\/sun21_rgb_quadratisch.png","contentUrl":"https:\/\/sun21.at\/wp\/wp-content\/uploads\/2024\/07\/sun21_rgb_quadratisch.png","width":1030,"height":1030,"caption":"SUN21 Smart-Energy GmbH"},"image":{"@id":"https:\/\/sun21.at\/wp\/#\/schema\/logo\/image\/"},"sameAs":["https:\/\/www.facebook.com\/sun21.at","https:\/\/www.instagram.com\/sun21.at","https:\/\/www.linkedin.com\/company\/sun21at"]},{"@type":"Person","@id":"https:\/\/sun21.at\/wp\/#\/schema\/person\/f707791fe6546f363fe3da192e82d000","name":"sun21","sameAs":["https:\/\/sun21.at\/wp"],"url":"https:\/\/sun21.at\/wp\/author\/sun21\/"}]}},"_links":{"self":[{"href":"https:\/\/sun21.at\/wp\/wp-json\/wp\/v2\/posts\/1515","targetHints":{"allow":["GET"]}}],"collection":[{"href":"https:\/\/sun21.at\/wp\/wp-json\/wp\/v2\/posts"}],"about":[{"href":"https:\/\/sun21.at\/wp\/wp-json\/wp\/v2\/types\/post"}],"author":[{"embeddable":true,"href":"https:\/\/sun21.at\/wp\/wp-json\/wp\/v2\/users\/1"}],"replies":[{"embeddable":true,"href":"https:\/\/sun21.at\/wp\/wp-json\/wp\/v2\/comments?post=1515"}],"version-history":[{"count":10,"href":"https:\/\/sun21.at\/wp\/wp-json\/wp\/v2\/posts\/1515\/revisions"}],"predecessor-version":[{"id":1651,"href":"https:\/\/sun21.at\/wp\/wp-json\/wp\/v2\/posts\/1515\/revisions\/1651"}],"wp:featuredmedia":[{"embeddable":true,"href":"https:\/\/sun21.at\/wp\/wp-json\/wp\/v2\/media\/1516"}],"wp:attachment":[{"href":"https:\/\/sun21.at\/wp\/wp-json\/wp\/v2\/media?parent=1515"}],"wp:term":[{"taxonomy":"category","embeddable":true,"href":"https:\/\/sun21.at\/wp\/wp-json\/wp\/v2\/categories?post=1515"},{"taxonomy":"post_tag","embeddable":true,"href":"https:\/\/sun21.at\/wp\/wp-json\/wp\/v2\/tags?post=1515"}],"curies":[{"name":"wp","href":"https:\/\/api.w.org\/{rel}","templated":true}]}}